{"id":4411,"date":"2020-04-20T14:19:08","date_gmt":"2020-04-20T12:19:08","guid":{"rendered":"https:\/\/capitanalga.es\/les-algues-de-rias-baixa-lallie-naturel-par-excellence\/"},"modified":"2020-04-20T14:19:08","modified_gmt":"2020-04-20T12:19:08","slug":"les-algues-de-rias-baixa-lallie-naturel-par-excellence","status":"publish","type":"post","link":"https:\/\/capitanalga.es\/fr\/les-algues-de-rias-baixa-lallie-naturel-par-excellence\/","title":{"rendered":"LES ALGUES DE RIAS BAIXA, L&rsquo;ALLI\u00c9 NATUREL PAR EXCELLENCE"},"content":{"rendered":"<p>La r\u00e9colte se fait \u00e0 la main, sur les rochers et g\u00e9n\u00e9ralement dans l&rsquo;eau, en s\u00e9lectionnant et en coupant les plantes adultes.<\/p>\n<p>La richesse du littoral galicien est due \u00e0 sa situation g\u00e9ographique, aux grands courants oc\u00e9aniques qui y convergent et \u00e0 la forme d\u00e9coup\u00e9e de sa c\u00f4te. Sa capacit\u00e9 de production annuelle de mat\u00e9riel vivant, avec jusqu&rsquo;\u00e0 1 500 kilos de l\u00e9gumes de mer r\u00e9colt\u00e9s par jour.<\/p>\n<p>&nbsp;<\/p>\n<h2><strong>Avec d\u00e9signation<\/strong><\/h2>\n<p>Une dizaine de vari\u00e9t\u00e9s de l\u00e9gumes de mer, originaires des R\u00edas Baixas, sont r\u00e9colt\u00e9es \u00e0 des fins culinaires. Il s&rsquo;agit de : Codium, Wakame, Laitue de mer, Kombu, Gracilaria, Spaghetti de mer, Mousse d&rsquo;Irlande, Fucus, Mastocarpus et Gigartina.<\/p>\n<p>Le spaghetti de mer, une plante inconnue dans les pays asiatiques, est devenu \u00ab\u00a0l&rsquo;une des algues les plus populaires dans les cuisines galiciennes\u00a0\u00bb, selon une \u00e9tude r\u00e9alis\u00e9e par l&rsquo;Institut galicien de la consommation (IGC).<\/p>\n<p>La Laminaria Ochroleuca, connue dans la cuisine japonaise sous le nom de Kombu, est \u00e9galement originaire du sud de la Galice, o\u00f9 elle est connue sous le nom de feuille de mai. C&rsquo;est l&rsquo;algue la plus consomm\u00e9e au monde, avec quelque 600 000 tonnes de produit s\u00e9ch\u00e9, selon les donn\u00e9es recueillies par l&rsquo;IGC.<\/p>\n","protected":false},"excerpt":{"rendered":"<p>La r\u00e9colte se fait \u00e0 la main, sur les rochers et g\u00e9n\u00e9ralement dans l&rsquo;eau, en s\u00e9lectionnant et en coupant les plantes adultes. La richesse du littoral galicien est due \u00e0 sa situation g\u00e9ographique, aux grands courants oc\u00e9aniques qui y convergent et \u00e0 la forme d\u00e9coup\u00e9e de sa c\u00f4te. Sa capacit\u00e9 de production annuelle de mat\u00e9riel [&hellip;]<\/p>\n","protected":false},"author":2,"featured_media":4195,"comment_status":"open","ping_status":"open","sticky":false,"template":"","format":"standard","meta":{"_et_pb_use_builder":"","_et_pb_old_content":"","_et_gb_content_width":"","_joinchat":[],"footnotes":""},"categories":[163],"tags":[],"class_list":["post-4411","post","type-post","status-publish","format-standard","has-post-thumbnail","hentry","category-sante"],"yoast_head":"<!-- This site is optimized with the Yoast SEO plugin v26.3 - https:\/\/yoast.com\/wordpress\/plugins\/seo\/ -->\n<title>Les algues des Rias Baixas sont un alli\u00e9 naturel parfait |% Capit\u00e1n Alga%.<\/title>\n<meta name=\"description\" content=\"La r\u00e9colte se fait \u00e0 la main, sur les rochers et g\u00e9n\u00e9ralement dans l&#039;eau, en s\u00e9lectionnant et en coupant les plantes adultes.\" \/>\n<meta name=\"robots\" content=\"index, follow, max-snippet:-1, max-image-preview:large, max-video-preview:-1\" \/>\n<link rel=\"canonical\" href=\"https:\/\/capitanalga.es\/fr\/les-algues-de-rias-baixa-lallie-naturel-par-excellence\/\" \/>\n<meta property=\"og:locale\" content=\"fr_FR\" \/>\n<meta property=\"og:type\" content=\"article\" \/>\n<meta property=\"og:title\" content=\"Les algues des Rias Baixas sont un alli\u00e9 naturel parfait |% Capit\u00e1n Alga%.\" \/>\n<meta property=\"og:description\" content=\"La r\u00e9colte se fait \u00e0 la main, sur les rochers et g\u00e9n\u00e9ralement dans l&#039;eau, en s\u00e9lectionnant et en coupant les plantes adultes.\" \/>\n<meta property=\"og:url\" content=\"https:\/\/capitanalga.es\/fr\/les-algues-de-rias-baixa-lallie-naturel-par-excellence\/\" \/>\n<meta property=\"og:site_name\" content=\"Capit\u00e1n Alga\" \/>\n<meta property=\"article:publisher\" content=\"https:\/\/www.facebook.com\/capitanalga\/\" \/>\n<meta property=\"article:published_time\" content=\"2020-04-20T12:19:08+00:00\" \/>\n<meta property=\"og:image\" content=\"https:\/\/capitanalga.es\/wp-content\/uploads\/2020\/04\/IMG_7280-scaled.jpg\" \/>\n\t<meta property=\"og:image:width\" content=\"2560\" \/>\n\t<meta property=\"og:image:height\" content=\"951\" \/>\n\t<meta property=\"og:image:type\" content=\"image\/jpeg\" \/>\n<meta name=\"author\" content=\"Desarrollo\" \/>\n<meta name=\"twitter:card\" content=\"summary_large_image\" \/>\n<meta name=\"twitter:creator\" content=\"@VCapitanalga\" \/>\n<meta name=\"twitter:site\" content=\"@VCapitanalga\" \/>\n<meta name=\"twitter:label1\" content=\"\u00c9crit par\" \/>\n\t<meta name=\"twitter:data1\" content=\"Desarrollo\" \/>\n\t<meta name=\"twitter:label2\" content=\"Dur\u00e9e de lecture estim\u00e9e\" \/>\n\t<meta name=\"twitter:data2\" content=\"1 minute\" \/>\n<script type=\"application\/ld+json\" class=\"yoast-schema-graph\">{\"@context\":\"https:\/\/schema.org\",\"@graph\":[{\"@type\":\"WebPage\",\"@id\":\"https:\/\/capitanalga.es\/fr\/les-algues-de-rias-baixa-lallie-naturel-par-excellence\/\",\"url\":\"https:\/\/capitanalga.es\/fr\/les-algues-de-rias-baixa-lallie-naturel-par-excellence\/\",\"name\":\"Les algues des Rias Baixas sont un alli\u00e9 naturel parfait |% Capit\u00e1n Alga%.\",\"isPartOf\":{\"@id\":\"https:\/\/capitanalga.es\/fr\/#website\"},\"primaryImageOfPage\":{\"@id\":\"https:\/\/capitanalga.es\/fr\/les-algues-de-rias-baixa-lallie-naturel-par-excellence\/#primaryimage\"},\"image\":{\"@id\":\"https:\/\/capitanalga.es\/fr\/les-algues-de-rias-baixa-lallie-naturel-par-excellence\/#primaryimage\"},\"thumbnailUrl\":\"https:\/\/capitanalga.es\/wp-content\/uploads\/2020\/04\/IMG_7280-scaled.jpg\",\"datePublished\":\"2020-04-20T12:19:08+00:00\",\"author\":{\"@id\":\"https:\/\/capitanalga.es\/fr\/#\/schema\/person\/a76bae68c4871ebbaebce2e9c29829b3\"},\"description\":\"La r\u00e9colte se fait \u00e0 la main, sur les rochers et g\u00e9n\u00e9ralement dans l'eau, en s\u00e9lectionnant et en coupant les plantes adultes.\",\"breadcrumb\":{\"@id\":\"https:\/\/capitanalga.es\/fr\/les-algues-de-rias-baixa-lallie-naturel-par-excellence\/#breadcrumb\"},\"inLanguage\":\"fr-FR\",\"potentialAction\":[{\"@type\":\"ReadAction\",\"target\":[\"https:\/\/capitanalga.es\/fr\/les-algues-de-rias-baixa-lallie-naturel-par-excellence\/\"]}]},{\"@type\":\"ImageObject\",\"inLanguage\":\"fr-FR\",\"@id\":\"https:\/\/capitanalga.es\/fr\/les-algues-de-rias-baixa-lallie-naturel-par-excellence\/#primaryimage\",\"url\":\"https:\/\/capitanalga.es\/wp-content\/uploads\/2020\/04\/IMG_7280-scaled.jpg\",\"contentUrl\":\"https:\/\/capitanalga.es\/wp-content\/uploads\/2020\/04\/IMG_7280-scaled.jpg\",\"width\":2560,\"height\":951},{\"@type\":\"BreadcrumbList\",\"@id\":\"https:\/\/capitanalga.es\/fr\/les-algues-de-rias-baixa-lallie-naturel-par-excellence\/#breadcrumb\",\"itemListElement\":[{\"@type\":\"ListItem\",\"position\":1,\"name\":\"Portada\",\"item\":\"https:\/\/capitanalga.es\/fr\/inicio\/\"},{\"@type\":\"ListItem\",\"position\":2,\"name\":\"LES ALGUES DE RIAS BAIXA, L&rsquo;ALLI\u00c9 NATUREL PAR EXCELLENCE\"}]},{\"@type\":\"WebSite\",\"@id\":\"https:\/\/capitanalga.es\/fr\/#website\",\"url\":\"https:\/\/capitanalga.es\/fr\/\",\"name\":\"Capit\u00e1n Alga\",\"description\":\"Capit\u00e1n Alga es el sue\u00f1o de un equipo apasionado por el mar y por las algas.\",\"potentialAction\":[{\"@type\":\"SearchAction\",\"target\":{\"@type\":\"EntryPoint\",\"urlTemplate\":\"https:\/\/capitanalga.es\/fr\/?s={search_term_string}\"},\"query-input\":{\"@type\":\"PropertyValueSpecification\",\"valueRequired\":true,\"valueName\":\"search_term_string\"}}],\"inLanguage\":\"fr-FR\"},{\"@type\":\"Person\",\"@id\":\"https:\/\/capitanalga.es\/fr\/#\/schema\/person\/a76bae68c4871ebbaebce2e9c29829b3\",\"name\":\"Desarrollo\",\"image\":{\"@type\":\"ImageObject\",\"inLanguage\":\"fr-FR\",\"@id\":\"https:\/\/capitanalga.es\/fr\/#\/schema\/person\/image\/\",\"url\":\"https:\/\/secure.gravatar.com\/avatar\/3ee58b88cd1f9ef1424b949d2b7abc6802ce477d4bc36e22b63054803be86c7a?s=96&d=mm&r=g\",\"contentUrl\":\"https:\/\/secure.gravatar.com\/avatar\/3ee58b88cd1f9ef1424b949d2b7abc6802ce477d4bc36e22b63054803be86c7a?s=96&d=mm&r=g\",\"caption\":\"Desarrollo\"},\"sameAs\":[\"https:\/\/bankoi.biz\/\"]}]}<\/script>\n<!-- \/ Yoast SEO plugin. -->","yoast_head_json":{"title":"Les algues des Rias Baixas sont un alli\u00e9 naturel parfait |% Capit\u00e1n Alga%.","description":"La r\u00e9colte se fait \u00e0 la main, sur les rochers et g\u00e9n\u00e9ralement dans l'eau, en s\u00e9lectionnant et en coupant les plantes adultes.","robots":{"index":"index","follow":"follow","max-snippet":"max-snippet:-1","max-image-preview":"max-image-preview:large","max-video-preview":"max-video-preview:-1"},"canonical":"https:\/\/capitanalga.es\/fr\/les-algues-de-rias-baixa-lallie-naturel-par-excellence\/","og_locale":"fr_FR","og_type":"article","og_title":"Les algues des Rias Baixas sont un alli\u00e9 naturel parfait |% Capit\u00e1n Alga%.","og_description":"La r\u00e9colte se fait \u00e0 la main, sur les rochers et g\u00e9n\u00e9ralement dans l'eau, en s\u00e9lectionnant et en coupant les plantes adultes.","og_url":"https:\/\/capitanalga.es\/fr\/les-algues-de-rias-baixa-lallie-naturel-par-excellence\/","og_site_name":"Capit\u00e1n Alga","article_publisher":"https:\/\/www.facebook.com\/capitanalga\/","article_published_time":"2020-04-20T12:19:08+00:00","og_image":[{"width":2560,"height":951,"url":"https:\/\/capitanalga.es\/wp-content\/uploads\/2020\/04\/IMG_7280-scaled.jpg","type":"image\/jpeg"}],"author":"Desarrollo","twitter_card":"summary_large_image","twitter_creator":"@VCapitanalga","twitter_site":"@VCapitanalga","twitter_misc":{"\u00c9crit par":"Desarrollo","Dur\u00e9e de lecture estim\u00e9e":"1 minute"},"schema":{"@context":"https:\/\/schema.org","@graph":[{"@type":"WebPage","@id":"https:\/\/capitanalga.es\/fr\/les-algues-de-rias-baixa-lallie-naturel-par-excellence\/","url":"https:\/\/capitanalga.es\/fr\/les-algues-de-rias-baixa-lallie-naturel-par-excellence\/","name":"Les algues des Rias Baixas sont un alli\u00e9 naturel parfait |% Capit\u00e1n Alga%.","isPartOf":{"@id":"https:\/\/capitanalga.es\/fr\/#website"},"primaryImageOfPage":{"@id":"https:\/\/capitanalga.es\/fr\/les-algues-de-rias-baixa-lallie-naturel-par-excellence\/#primaryimage"},"image":{"@id":"https:\/\/capitanalga.es\/fr\/les-algues-de-rias-baixa-lallie-naturel-par-excellence\/#primaryimage"},"thumbnailUrl":"https:\/\/capitanalga.es\/wp-content\/uploads\/2020\/04\/IMG_7280-scaled.jpg","datePublished":"2020-04-20T12:19:08+00:00","author":{"@id":"https:\/\/capitanalga.es\/fr\/#\/schema\/person\/a76bae68c4871ebbaebce2e9c29829b3"},"description":"La r\u00e9colte se fait \u00e0 la main, sur les rochers et g\u00e9n\u00e9ralement dans l'eau, en s\u00e9lectionnant et en coupant les plantes adultes.","breadcrumb":{"@id":"https:\/\/capitanalga.es\/fr\/les-algues-de-rias-baixa-lallie-naturel-par-excellence\/#breadcrumb"},"inLanguage":"fr-FR","potentialAction":[{"@type":"ReadAction","target":["https:\/\/capitanalga.es\/fr\/les-algues-de-rias-baixa-lallie-naturel-par-excellence\/"]}]},{"@type":"ImageObject","inLanguage":"fr-FR","@id":"https:\/\/capitanalga.es\/fr\/les-algues-de-rias-baixa-lallie-naturel-par-excellence\/#primaryimage","url":"https:\/\/capitanalga.es\/wp-content\/uploads\/2020\/04\/IMG_7280-scaled.jpg","contentUrl":"https:\/\/capitanalga.es\/wp-content\/uploads\/2020\/04\/IMG_7280-scaled.jpg","width":2560,"height":951},{"@type":"BreadcrumbList","@id":"https:\/\/capitanalga.es\/fr\/les-algues-de-rias-baixa-lallie-naturel-par-excellence\/#breadcrumb","itemListElement":[{"@type":"ListItem","position":1,"name":"Portada","item":"https:\/\/capitanalga.es\/fr\/inicio\/"},{"@type":"ListItem","position":2,"name":"LES ALGUES DE RIAS BAIXA, L&rsquo;ALLI\u00c9 NATUREL PAR EXCELLENCE"}]},{"@type":"WebSite","@id":"https:\/\/capitanalga.es\/fr\/#website","url":"https:\/\/capitanalga.es\/fr\/","name":"Capit\u00e1n Alga","description":"Capit\u00e1n Alga es el sue\u00f1o de un equipo apasionado por el mar y por las algas.","potentialAction":[{"@type":"SearchAction","target":{"@type":"EntryPoint","urlTemplate":"https:\/\/capitanalga.es\/fr\/?s={search_term_string}"},"query-input":{"@type":"PropertyValueSpecification","valueRequired":true,"valueName":"search_term_string"}}],"inLanguage":"fr-FR"},{"@type":"Person","@id":"https:\/\/capitanalga.es\/fr\/#\/schema\/person\/a76bae68c4871ebbaebce2e9c29829b3","name":"Desarrollo","image":{"@type":"ImageObject","inLanguage":"fr-FR","@id":"https:\/\/capitanalga.es\/fr\/#\/schema\/person\/image\/","url":"https:\/\/secure.gravatar.com\/avatar\/3ee58b88cd1f9ef1424b949d2b7abc6802ce477d4bc36e22b63054803be86c7a?s=96&d=mm&r=g","contentUrl":"https:\/\/secure.gravatar.com\/avatar\/3ee58b88cd1f9ef1424b949d2b7abc6802ce477d4bc36e22b63054803be86c7a?s=96&d=mm&r=g","caption":"Desarrollo"},"sameAs":["https:\/\/bankoi.biz\/"]}]}},"_links":{"self":[{"href":"https:\/\/capitanalga.es\/fr\/wp-json\/wp\/v2\/posts\/4411","targetHints":{"allow":["GET"]}}],"collection":[{"href":"https:\/\/capitanalga.es\/fr\/wp-json\/wp\/v2\/posts"}],"about":[{"href":"https:\/\/capitanalga.es\/fr\/wp-json\/wp\/v2\/types\/post"}],"author":[{"embeddable":true,"href":"https:\/\/capitanalga.es\/fr\/wp-json\/wp\/v2\/users\/2"}],"replies":[{"embeddable":true,"href":"https:\/\/capitanalga.es\/fr\/wp-json\/wp\/v2\/comments?post=4411"}],"version-history":[{"count":0,"href":"https:\/\/capitanalga.es\/fr\/wp-json\/wp\/v2\/posts\/4411\/revisions"}],"wp:featuredmedia":[{"embeddable":true,"href":"https:\/\/capitanalga.es\/fr\/wp-json\/wp\/v2\/media\/4195"}],"wp:attachment":[{"href":"https:\/\/capitanalga.es\/fr\/wp-json\/wp\/v2\/media?parent=4411"}],"wp:term":[{"taxonomy":"category","embeddable":true,"href":"https:\/\/capitanalga.es\/fr\/wp-json\/wp\/v2\/categories?post=4411"},{"taxonomy":"post_tag","embeddable":true,"href":"https:\/\/capitanalga.es\/fr\/wp-json\/wp\/v2\/tags?post=4411"}],"curies":[{"name":"wp","href":"https:\/\/api.w.org\/{rel}","templated":true}]}}